{"id":44241,"date":"2022-09-21T23:52:00","date_gmt":"2022-09-22T06:52:00","guid":{"rendered":"https:\/\/gvmled.com\/?p=44241"},"modified":"2022-09-22T02:29:36","modified_gmt":"2022-09-22T09:29:36","slug":"the-balance-method-using-balance-in-photography-to-create-beautiful-images","status":"publish","type":"post","link":"https:\/\/gvmled.com\/fr\/the-balance-method-using-balance-in-photography-to-create-beautiful-images\/","title":{"rendered":"La m\u00e9thode de l'\u00e9quilibre : utiliser l'\u00e9quilibre en photographie pour cr\u00e9er de belles images"},"content":{"rendered":"<div data-elementor-type=\"wp-post\" data-elementor-id=\"44241\" class=\"elementor elementor-44241\" data-elementor-post-type=\"post\">\n\t\t\t\t\t\t<section class=\"elementor-section elementor-top-section elementor-element elementor-element-92fd03e elementor-section-boxed elementor-section-height-default elementor-section-height-default\" data-id=\"92fd03e\" data-element_type=\"section\" data-settings=\"{&quot;jet_parallax_layout_list&quot;:[]}\">\n\t\t\t\t\t\t<div class=\"elementor-container elementor-column-gap-default\">\n\t\t\t\t\t<div class=\"elementor-column elementor-col-100 elementor-top-column elementor-element elementor-element-145f708\" data-id=\"145f708\" data-element_type=\"column\">\n\t\t\t<div class=\"elementor-widget-wrap elementor-element-populated\">\n\t\t\t\t\t\t<div class=\"elementor-element elementor-element-6eb9bc9 elementor-widget elementor-widget-heading\" data-id=\"6eb9bc9\" data-element_type=\"widget\" data-widget_type=\"heading.default\">\n\t\t\t\t<div class=\"elementor-widget-container\">\n\t\t\t\t\t<h1 class=\"elementor-heading-title elementor-size-default\"><b style=\"color: var( --e-global-color-ec73f38 );font-style: inherit;background-color: transparent\"><span style=\"font-family: \u5fae\u8f6f\u96c5\u9ed1;font-size: 26pt\">La m\u00e9thode de l'\u00e9quilibre : utiliser l'\u00e9quilibre en photographie pour cr\u00e9er de belles images<\/span><\/b><\/h1>\t\t\t\t<\/div>\n\t\t\t\t<\/div>\n\t\t\t\t<div class=\"elementor-element elementor-element-287feb2 elementor-widget elementor-widget-text-editor\" data-id=\"287feb2\" data-element_type=\"widget\" data-widget_type=\"text-editor.default\">\n\t\t\t\t<div class=\"elementor-widget-container\">\n\t\t\t\t\t\t\t\t\t<p>La composition, ou l'art de placer les choses dans votre cadre pour raconter votre histoire, englobe de nombreuses r\u00e8gles, de la r\u00e8gle des tiers aux lignes directrices. Mais avez-vous d\u00e9j\u00e0 consid\u00e9r\u00e9 l'importance de l'\u00e9quilibre en photographie ?\u00a0<\/p><p>Quand on parle d'\u00e9quilibre en photographie, cela couvre une multitude d'\u00e9l\u00e9ments diff\u00e9rents qui peuvent \u00eatre \u00e0 la fois physiques et abstraits. Par exemple, vous pouvez \u00e9quilibrer diff\u00e9rentes textures dans votre sc\u00e8ne, ou des couleurs, ou la lumi\u00e8re et l'ombre. Mais vous pouvez aussi juxtaposer des concepts, par exemple, libre et contenu. Le principe derri\u00e8re l'\u00e9quilibre en photographie reste cependant toujours le m\u00eame ; il s'agit de cr\u00e9er un poids visuel \u00e9gal dans votre cadre.\u00a0<\/p>\t\t\t\t\t\t\t\t<\/div>\n\t\t\t\t<\/div>\n\t\t\t\t<div class=\"elementor-element elementor-element-edd8027 elementor-widget elementor-widget-heading\" data-id=\"edd8027\" data-element_type=\"widget\" data-widget_type=\"heading.default\">\n\t\t\t\t<div class=\"elementor-widget-container\">\n\t\t\t\t\t<h2 class=\"elementor-heading-title elementor-size-default\">1: Types d'\u00e9quilibre en photographie<\/h2>\t\t\t\t<\/div>\n\t\t\t\t<\/div>\n\t\t\t\t<div class=\"elementor-element elementor-element-7fbcc96 elementor-widget elementor-widget-text-editor\" data-id=\"7fbcc96\" data-element_type=\"widget\" data-widget_type=\"text-editor.default\">\n\t\t\t\t<div class=\"elementor-widget-container\">\n\t\t\t\t\t\t\t\t\t<p>Il existe de nombreux exemples d'\u00e9quilibre en photographie. Cependant, beaucoup pensent que l'\u00e9quilibre est principalement une question de sym\u00e9trie, mais il n'en est rien. Il y a une multitude de fa\u00e7ons d'\u00e9quilibrer une sc\u00e8ne sans qu'elle n'ait \u00e0 para\u00eetre identique. D\u00e9couvrez les meilleures options qui s'offrent \u00e0 vous en tant que photographe d\u00e9butant et essayez-les la prochaine fois que vous vous prom\u00e8nerez en ville ou que vous ferez un long trajet en voiture.\u00a0<\/p>\t\t\t\t\t\t\t\t<\/div>\n\t\t\t\t<\/div>\n\t\t\t\t<div class=\"elementor-element elementor-element-d26b3e5 elementor-widget elementor-widget-heading\" data-id=\"d26b3e5\" data-element_type=\"widget\" data-widget_type=\"heading.default\">\n\t\t\t\t<div class=\"elementor-widget-container\">\n\t\t\t\t\t<h2 class=\"elementor-heading-title elementor-size-default\">\u00c9quilibre sym\u00e9trique<\/h2>\t\t\t\t<\/div>\n\t\t\t\t<\/div>\n\t\t\t\t<div class=\"elementor-element elementor-element-b5093b6 elementor-widget elementor-widget-image\" data-id=\"b5093b6\" data-element_type=\"widget\" data-widget_type=\"image.default\">\n\t\t\t\t<div class=\"elementor-widget-container\">\n\t\t\t\t\t\t\t\t\t\t\t\t\t\t\t<img fetchpriority=\"high\" decoding=\"async\" width=\"696\" height=\"464\" src=\"https:\/\/gvmled.com\/wp-content\/uploads\/2022\/09\/\u56fe\u72471-1-4.jpg\" class=\"attachment-large size-large wp-image-44251\" alt=\"\" srcset=\"https:\/\/gvmled.com\/wp-content\/uploads\/2022\/09\/\u56fe\u72471-1-4.jpg 696w, https:\/\/gvmled.com\/wp-content\/uploads\/2022\/09\/\u56fe\u72471-1-4-300x200.jpg 300w\" sizes=\"(max-width: 696px) 100vw, 696px\" title=\"\">\t\t\t\t\t\t\t\t\t\t\t\t\t\t\t<\/div>\n\t\t\t\t<\/div>\n\t\t\t\t<div class=\"elementor-element elementor-element-2b2affd elementor-widget elementor-widget-text-editor\" data-id=\"2b2affd\" data-element_type=\"widget\" data-widget_type=\"text-editor.default\">\n\t\t\t\t<div class=\"elementor-widget-container\">\n\t\t\t\t\t\t\t\t\t<p>Pour commencer, il y a l'\u00e9quilibre sym\u00e9trique, aussi appel\u00e9 \u00e9quilibre formel. Nous sommes naturellement dispos\u00e9s \u00e0 trouver les choses sym\u00e9triques attrayantes en raison du sentiment d'harmonie que projettent les images miroirs, d'o\u00f9 le fait que nous recherchions la sym\u00e9trie pour l'\u00e9quilibre et que ce soit g\u00e9n\u00e9ralement la premi\u00e8re id\u00e9e qui nous vienne \u00e0 l'esprit en mati\u00e8re d'\u00e9quilibre.<\/p><p>L'\u00e9quilibre sym\u00e9trique peut se pr\u00e9senter horizontalement et verticalement. Vous pourriez, par exemple, cr\u00e9er une image parfaitement \u00e9quilibr\u00e9e avec une ligne d'horizon se refl\u00e9tant dans une rivi\u00e8re ou un lac, ou en photographiant un b\u00e2timent verticalement sym\u00e9trique.<\/p>\t\t\t\t\t\t\t\t<\/div>\n\t\t\t\t<\/div>\n\t\t\t\t<div class=\"elementor-element elementor-element-339e469 elementor-widget elementor-widget-image\" data-id=\"339e469\" data-element_type=\"widget\" data-widget_type=\"image.default\">\n\t\t\t\t<div class=\"elementor-widget-container\">\n\t\t\t\t\t\t\t\t\t\t\t\t\t\t\t<img decoding=\"async\" width=\"695\" height=\"522\" data-src=\"https:\/\/gvmled.com\/wp-content\/uploads\/2022\/09\/\u56fe\u72472-11.jpg\" class=\"attachment-large size-large wp-image-44252 lazyload\" alt=\"\" data-srcset=\"https:\/\/gvmled.com\/wp-content\/uploads\/2022\/09\/\u56fe\u72472-11.jpg 695w, https:\/\/gvmled.com\/wp-content\/uploads\/2022\/09\/\u56fe\u72472-11-300x225.jpg 300w\" data-sizes=\"(max-width: 695px) 100vw, 695px\" title=\"\" src=\"data:image\/gif;base64,R0lGODlhAQABAAAAACH5BAEKAAEALAAAAAABAAEAAAICTAEAOw==\" style=\"--smush-placeholder-width: 695px; --smush-placeholder-aspect-ratio: 695\/522;\">\t\t\t\t\t\t\t\t\t\t\t\t\t\t\t<\/div>\n\t\t\t\t<\/div>\n\t\t\t\t<div class=\"elementor-element elementor-element-319989d elementor-widget elementor-widget-text-editor\" data-id=\"319989d\" data-element_type=\"widget\" data-widget_type=\"text-editor.default\">\n\t\t\t\t<div class=\"elementor-widget-container\">\n\t\t\t\t\t\t\t\t\t<p>En plus de la sym\u00e9trie horizontale et verticale, faites attention \u00e0 la sym\u00e9trie diagonale et \u00e0 la sym\u00e9trie rotationnelle, o\u00f9 l'image est r\u00e9fl\u00e9chie en diagonale \u00e0 travers le cadre, ou peut tourner sur son axe et rester la m\u00eame.<\/p>\t\t\t\t\t\t\t\t<\/div>\n\t\t\t\t<\/div>\n\t\t\t\t<div class=\"elementor-element elementor-element-d54b55d elementor-widget elementor-widget-heading\" data-id=\"d54b55d\" data-element_type=\"widget\" data-widget_type=\"heading.default\">\n\t\t\t\t<div class=\"elementor-widget-container\">\n\t\t\t\t\t<h2 class=\"elementor-heading-title elementor-size-default\">\u00c9quilibre asym\u00e9trique<\/h2>\t\t\t\t<\/div>\n\t\t\t\t<\/div>\n\t\t\t\t<div class=\"elementor-element elementor-element-edaf0af elementor-widget elementor-widget-image\" data-id=\"edaf0af\" data-element_type=\"widget\" data-widget_type=\"image.default\">\n\t\t\t\t<div class=\"elementor-widget-container\">\n\t\t\t\t\t\t\t\t\t\t\t\t\t\t\t<img decoding=\"async\" width=\"696\" height=\"461\" data-src=\"https:\/\/gvmled.com\/wp-content\/uploads\/2022\/09\/\u56fe\u72473-4.jpg\" class=\"attachment-large size-large wp-image-44253 lazyload\" alt=\"\" data-srcset=\"https:\/\/gvmled.com\/wp-content\/uploads\/2022\/09\/\u56fe\u72473-4.jpg 696w, https:\/\/gvmled.com\/wp-content\/uploads\/2022\/09\/\u56fe\u72473-4-300x199.jpg 300w\" data-sizes=\"(max-width: 696px) 100vw, 696px\" title=\"\" src=\"data:image\/gif;base64,R0lGODlhAQABAAAAACH5BAEKAAEALAAAAAABAAEAAAICTAEAOw==\" style=\"--smush-placeholder-width: 696px; --smush-placeholder-aspect-ratio: 696\/461;\">\t\t\t\t\t\t\t\t\t\t\t\t\t\t\t<\/div>\n\t\t\t\t<\/div>\n\t\t\t\t<div class=\"elementor-element elementor-element-88a11df elementor-widget elementor-widget-text-editor\" data-id=\"88a11df\" data-element_type=\"widget\" data-widget_type=\"text-editor.default\">\n\t\t\t\t<div class=\"elementor-widget-container\">\n\t\t\t\t\t\t\t\t\t<p>L'\u00e9quilibre asym\u00e9trique, ou \u00e9quilibre informel, est lorsque des objets diff\u00e9rents, ou m\u00eame le vide dans le cas de l'espace n\u00e9gatif, sont utilis\u00e9s pour cr\u00e9er un sentiment d'\u00e9quilibre dans une sc\u00e8ne. Ici, vous pourriez utiliser des tailles contrast\u00e9es et le poids des nombres pour qu'ils s'annulent mutuellement. Par exemple, vous pourriez placer un grand tournesol dans le coin inf\u00e9rieur gauche du cadre \u00e9quilibr\u00e9 par deux tournesols plus petits dans le coin sup\u00e9rieur droit. Ou il pourrait simplement s'agir de deux objets contrast\u00e9s, diff\u00e9rant par leur taille, leur forme, leur couleur, leur texture ou leur objectif, plac\u00e9s \u00e0 l'oppos\u00e9 l'un de l'autre \u2013 verticalement, horizontalement ou en diagonale \u2013 dans le cadre. Bien qu'ils soient diff\u00e9rents, c'est cette diff\u00e9rence qui assure l'\u00e9quilibre n\u00e9cessaire dans toute la sc\u00e8ne.<\/p>\t\t\t\t\t\t\t\t<\/div>\n\t\t\t\t<\/div>\n\t\t\t\t<div class=\"elementor-element elementor-element-32a043c elementor-widget elementor-widget-image\" data-id=\"32a043c\" data-element_type=\"widget\" data-widget_type=\"image.default\">\n\t\t\t\t<div class=\"elementor-widget-container\">\n\t\t\t\t\t\t\t\t\t\t\t\t\t\t\t<img decoding=\"async\" width=\"699\" height=\"469\" data-src=\"https:\/\/gvmled.com\/wp-content\/uploads\/2022\/09\/\u56fe\u72474-5.jpg\" class=\"attachment-large size-large wp-image-44254 lazyload\" alt=\"\" data-srcset=\"https:\/\/gvmled.com\/wp-content\/uploads\/2022\/09\/\u56fe\u72474-5.jpg 699w, https:\/\/gvmled.com\/wp-content\/uploads\/2022\/09\/\u56fe\u72474-5-300x201.jpg 300w\" data-sizes=\"(max-width: 699px) 100vw, 699px\" title=\"\" src=\"data:image\/gif;base64,R0lGODlhAQABAAAAACH5BAEKAAEALAAAAAABAAEAAAICTAEAOw==\" style=\"--smush-placeholder-width: 699px; --smush-placeholder-aspect-ratio: 699\/469;\">\t\t\t\t\t\t\t\t\t\t\t\t\t\t\t<\/div>\n\t\t\t\t<\/div>\n\t\t\t\t<div class=\"elementor-element elementor-element-3261693 elementor-widget elementor-widget-text-editor\" data-id=\"3261693\" data-element_type=\"widget\" data-widget_type=\"text-editor.default\">\n\t\t\t\t<div class=\"elementor-widget-container\">\n\t\t\t\t\t\t\t\t\t<p>Essayez d'utiliser la r\u00e8gle des tiers pour vous aider \u00e0 obtenir un \u00e9quilibre asym\u00e9trique dans un cadre : utilisez les lignes de division et les points forts pour placer vos objets.<\/p>\t\t\t\t\t\t\t\t<\/div>\n\t\t\t\t<\/div>\n\t\t\t\t<div class=\"elementor-element elementor-element-c0d4896 elementor-widget elementor-widget-heading\" data-id=\"c0d4896\" data-element_type=\"widget\" data-widget_type=\"heading.default\">\n\t\t\t\t<div class=\"elementor-widget-container\">\n\t\t\t\t\t<h2 class=\"elementor-heading-title elementor-size-default\">Balance des couleurs<\/h2>\t\t\t\t<\/div>\n\t\t\t\t<\/div>\n\t\t\t\t<div class=\"elementor-element elementor-element-7082983 elementor-widget elementor-widget-image\" data-id=\"7082983\" data-element_type=\"widget\" data-widget_type=\"image.default\">\n\t\t\t\t<div class=\"elementor-widget-container\">\n\t\t\t\t\t\t\t\t\t\t\t\t\t\t\t<img decoding=\"async\" width=\"696\" height=\"459\" data-src=\"https:\/\/gvmled.com\/wp-content\/uploads\/2022\/09\/\u56fe\u72475-1-8.jpg\" class=\"attachment-large size-large wp-image-44255 lazyload\" alt=\"\" data-srcset=\"https:\/\/gvmled.com\/wp-content\/uploads\/2022\/09\/\u56fe\u72475-1-8.jpg 696w, https:\/\/gvmled.com\/wp-content\/uploads\/2022\/09\/\u56fe\u72475-1-8-300x198.jpg 300w\" data-sizes=\"(max-width: 696px) 100vw, 696px\" title=\"\" src=\"data:image\/gif;base64,R0lGODlhAQABAAAAACH5BAEKAAEALAAAAAABAAEAAAICTAEAOw==\" style=\"--smush-placeholder-width: 696px; --smush-placeholder-aspect-ratio: 696\/459;\">\t\t\t\t\t\t\t\t\t\t\t\t\t\t\t<\/div>\n\t\t\t\t<\/div>\n\t\t\t\t<div class=\"elementor-element elementor-element-189b394 elementor-widget elementor-widget-text-editor\" data-id=\"189b394\" data-element_type=\"widget\" data-widget_type=\"text-editor.default\">\n\t\t\t\t<div class=\"elementor-widget-container\">\n\t\t\t\t\t\t\t\t\t<p>L'\u00e9quilibre des couleurs est une forme d'\u00e9quilibre puissante \u00e0 utiliser dans vos images. Vous pouvez contraster une petite zone intense de rouge avec une vaste \u00e9tendue de sa couleur compl\u00e9mentaire, le vert. Pourquoi les photos de plage sont-elles toujours si attrayantes ? C'est \u00e0 cause du contraste et de l'\u00e9quilibre entre le sable, la mer et le ciel. En plus d'utiliser des couleurs compl\u00e9mentaires pour \u00e9quilibrer votre sc\u00e8ne, vous pouvez \u00e9galement chercher \u00e0 contraster des tons subtils et plus vibrants les uns contre les autres pour cr\u00e9er une contre-action.<\/p>\t\t\t\t\t\t\t\t<\/div>\n\t\t\t\t<\/div>\n\t\t\t\t<div class=\"elementor-element elementor-element-7725fb4 elementor-widget elementor-widget-image\" data-id=\"7725fb4\" data-element_type=\"widget\" data-widget_type=\"image.default\">\n\t\t\t\t<div class=\"elementor-widget-container\">\n\t\t\t\t\t\t\t\t\t\t\t\t\t\t\t<img decoding=\"async\" width=\"696\" height=\"357\" data-src=\"https:\/\/gvmled.com\/wp-content\/uploads\/2022\/09\/\u56fe\u72476-1-3.jpg\" class=\"attachment-large size-large wp-image-44256 lazyload\" alt=\"\" data-srcset=\"https:\/\/gvmled.com\/wp-content\/uploads\/2022\/09\/\u56fe\u72476-1-3.jpg 696w, https:\/\/gvmled.com\/wp-content\/uploads\/2022\/09\/\u56fe\u72476-1-3-300x154.jpg 300w\" data-sizes=\"(max-width: 696px) 100vw, 696px\" title=\"\" src=\"data:image\/gif;base64,R0lGODlhAQABAAAAACH5BAEKAAEALAAAAAABAAEAAAICTAEAOw==\" style=\"--smush-placeholder-width: 696px; --smush-placeholder-aspect-ratio: 696\/357;\">\t\t\t\t\t\t\t\t\t\t\t\t\t\t\t<\/div>\n\t\t\t\t<\/div>\n\t\t\t\t<div class=\"elementor-element elementor-element-e8d7125 elementor-widget elementor-widget-text-editor\" data-id=\"e8d7125\" data-element_type=\"widget\" data-widget_type=\"text-editor.default\">\n\t\t\t\t<div class=\"elementor-widget-container\">\n\t\t\t\t\t\t\t\t\t<p>En plus de l'\u00e9quilibre des couleurs, vous pouvez \u00e9galement obtenir un \u00e9quilibre en monochrome. Regardez comment la lumi\u00e8re et l'ombre interagissent dans une sc\u00e8ne pour cr\u00e9er des zones qui contrastent les unes avec les autres tout en formant simultan\u00e9ment un tout. Lorsque vous utilisez l'\u00e9quilibre des couleurs ou des tons, gardez toujours la th\u00e9orie de l'espace n\u00e9gatif \u00e0 l'esprit : ou comment quelque chose peut \u00eatre \u00e9quilibr\u00e9 par rien.<\/p>\t\t\t\t\t\t\t\t<\/div>\n\t\t\t\t<\/div>\n\t\t\t\t<div class=\"elementor-element elementor-element-e9eb905 elementor-widget elementor-widget-heading\" data-id=\"e9eb905\" data-element_type=\"widget\" data-widget_type=\"heading.default\">\n\t\t\t\t<div class=\"elementor-widget-container\">\n\t\t\t\t\t<h2 class=\"elementor-heading-title elementor-size-default\">\u00c9quilibre conceptuel<\/h2>\t\t\t\t<\/div>\n\t\t\t\t<\/div>\n\t\t\t\t<div class=\"elementor-element elementor-element-3fc717a elementor-widget elementor-widget-image\" data-id=\"3fc717a\" data-element_type=\"widget\" data-widget_type=\"image.default\">\n\t\t\t\t<div class=\"elementor-widget-container\">\n\t\t\t\t\t\t\t\t\t\t\t\t\t\t\t<img decoding=\"async\" width=\"698\" height=\"462\" data-src=\"https:\/\/gvmled.com\/wp-content\/uploads\/2022\/09\/\u56fe\u72477-3-4.jpg\" class=\"attachment-large size-large wp-image-44257 lazyload\" alt=\"\" data-srcset=\"https:\/\/gvmled.com\/wp-content\/uploads\/2022\/09\/\u56fe\u72477-3-4.jpg 698w, https:\/\/gvmled.com\/wp-content\/uploads\/2022\/09\/\u56fe\u72477-3-4-300x199.jpg 300w\" data-sizes=\"(max-width: 698px) 100vw, 698px\" title=\"\" src=\"data:image\/gif;base64,R0lGODlhAQABAAAAACH5BAEKAAEALAAAAAABAAEAAAICTAEAOw==\" style=\"--smush-placeholder-width: 698px; --smush-placeholder-aspect-ratio: 698\/462;\">\t\t\t\t\t\t\t\t\t\t\t\t\t\t\t<\/div>\n\t\t\t\t<\/div>\n\t\t\t\t<div class=\"elementor-element elementor-element-b982a8e elementor-widget elementor-widget-text-editor\" data-id=\"b982a8e\" data-element_type=\"widget\" data-widget_type=\"text-editor.default\">\n\t\t\t\t<div class=\"elementor-widget-container\">\n\t\t\t\t\t\t\t\t\t<p>Enfin, il y a l'\u00e9quilibre conceptuel, ou diff\u00e9rentes id\u00e9es et pens\u00e9es peuvent s'\u00e9quilibrer dans une sc\u00e8ne. Peut-\u00eatre est-ce le mouvement du nageur oppos\u00e9 au calme de l'eau environnante. Ou peut-\u00eatre est-ce l'oasis verdoyante jaillissant du d\u00e9sert. En plus des id\u00e9es, vous constaterez souvent que ces \u00e9quilibres conceptuels ont \u00e9galement des contrepoints de couleur, de ton et d'espace qui peuvent \u00eatre am\u00e9lior\u00e9s en utilisant des techniques de composition telles que la r\u00e8gle des tiers, les lignes directrices et l'espace n\u00e9gatif.<\/p><p>Si vous n'\u00eates pas s\u00fbr qu'une photo soit \u00e9quilibr\u00e9e ou comment elle l'est, demandez-vous : \u2018 Chaque partie de cette image fonctionne-t-elle ensemble dans son ensemble ? S'il y a diff\u00e9rents \u00e9l\u00e9ments, se compl\u00e8tent-ils pour raconter toute l'histoire ? \u2019 Si un \u00e9l\u00e9ment est plus dominant qu'un autre, est-ce comme cela que vous devriez le ressentir, ou devez-vous r\u00e9\u00e9quilibrer la sc\u00e8ne ?<\/p>\t\t\t\t\t\t\t\t<\/div>\n\t\t\t\t<\/div>\n\t\t\t\t<div class=\"elementor-element elementor-element-8175012 elementor-widget elementor-widget-heading\" data-id=\"8175012\" data-element_type=\"widget\" data-widget_type=\"heading.default\">\n\t\t\t\t<div class=\"elementor-widget-container\">\n\t\t\t\t\t<h2 class=\"elementor-heading-title elementor-size-default\">2 : Conseils et techniques pour cr\u00e9er l'\u00e9quilibre en photographie<\/h2>\t\t\t\t<\/div>\n\t\t\t\t<\/div>\n\t\t\t\t<div class=\"elementor-element elementor-element-74cc72f elementor-widget elementor-widget-text-editor\" data-id=\"74cc72f\" data-element_type=\"widget\" data-widget_type=\"text-editor.default\">\n\t\t\t\t<div class=\"elementor-widget-container\">\n\t\t\t\t\t\t\t\t\t<p>L'id\u00e9e principale derri\u00e8re l'\u00e9quilibre est de cr\u00e9er une composition qui soit agr\u00e9able \u00e0 l'\u0153il, car les objets, les tons et les couleurs ont un poids visuel \u00e9gal dans votre prise de vue. Consultez ces 7 meilleurs conseils et techniques pour vous aider \u00e0 capturer intentionnellement des photographies significatives et visuellement attrayantes. N'oubliez pas que des images mal \u00e9quilibr\u00e9es d\u00e9routeront instantan\u00e9ment vos spectateurs et deviendront moins attrayantes.<\/p>\t\t\t\t\t\t\t\t<\/div>\n\t\t\t\t<\/div>\n\t\t\t\t<div class=\"elementor-element elementor-element-b36cac3 elementor-widget elementor-widget-heading\" data-id=\"b36cac3\" data-element_type=\"widget\" data-widget_type=\"heading.default\">\n\t\t\t\t<div class=\"elementor-widget-container\">\n\t\t\t\t\t<h2 class=\"elementor-heading-title elementor-size-default\">Observer et Planifier<\/h2>\t\t\t\t<\/div>\n\t\t\t\t<\/div>\n\t\t\t\t<div class=\"elementor-element elementor-element-c23808c elementor-widget elementor-widget-text-editor\" data-id=\"c23808c\" data-element_type=\"widget\" data-widget_type=\"text-editor.default\">\n\t\t\t\t<div class=\"elementor-widget-container\">\n\t\t\t\t\t\t\t\t\t<p>Souvent, lorsque vous cherchez \u00e0 cr\u00e9er un \u00e9quilibre dans une photo, c'est quelque chose que vous devez prendre en consid\u00e9ration. Si cela se pr\u00e9sente \u00e0 vous imm\u00e9diatement, vous avez de la chance ! Vous savez peut-\u00eatre instinctivement que le contraste de la lumi\u00e8re sur le sombre dans une sc\u00e8ne sera parfait, mais vous devrez vous positionner pour le capturer au mieux. Vous savez qu'une part de g\u00e2teau dans le coin inf\u00e9rieur droit, nette, \u00e9quilibrera une tasse et sa soucoupe dans le coin sup\u00e9rieur gauche, mais vous devrez exp\u00e9rimenter avec la profondeur de champ pour y parvenir. Un grand objet est-il mieux \u00e9quilibr\u00e9 par deux ou trois objets plus petits ? La seule fa\u00e7on de le savoir est d'essayer. Commencez par \"moins, c'est plus\" et travaillez \u00e0 partir de l\u00e0.<\/p>\t\t\t\t\t\t\t\t<\/div>\n\t\t\t\t<\/div>\n\t\t\t\t<div class=\"elementor-element elementor-element-e5890ee elementor-widget elementor-widget-image\" data-id=\"e5890ee\" data-element_type=\"widget\" data-widget_type=\"image.default\">\n\t\t\t\t<div class=\"elementor-widget-container\">\n\t\t\t\t\t\t\t\t\t\t\t\t\t\t\t<img decoding=\"async\" width=\"695\" height=\"389\" data-src=\"https:\/\/gvmled.com\/wp-content\/uploads\/2022\/09\/\u56fe\u72478-7.jpg\" class=\"attachment-large size-large wp-image-44258 lazyload\" alt=\"\" data-srcset=\"https:\/\/gvmled.com\/wp-content\/uploads\/2022\/09\/\u56fe\u72478-7.jpg 695w, https:\/\/gvmled.com\/wp-content\/uploads\/2022\/09\/\u56fe\u72478-7-300x168.jpg 300w\" data-sizes=\"(max-width: 695px) 100vw, 695px\" title=\"\" src=\"data:image\/gif;base64,R0lGODlhAQABAAAAACH5BAEKAAEALAAAAAABAAEAAAICTAEAOw==\" style=\"--smush-placeholder-width: 695px; --smush-placeholder-aspect-ratio: 695\/389;\">\t\t\t\t\t\t\t\t\t\t\t\t\t\t\t<\/div>\n\t\t\t\t<\/div>\n\t\t\t\t<div class=\"elementor-element elementor-element-98bc6e0 elementor-widget elementor-widget-heading\" data-id=\"98bc6e0\" data-element_type=\"widget\" data-widget_type=\"heading.default\">\n\t\t\t\t<div class=\"elementor-widget-container\">\n\t\t\t\t\t<h2 class=\"elementor-heading-title elementor-size-default\">Contraste<\/h2>\t\t\t\t<\/div>\n\t\t\t\t<\/div>\n\t\t\t\t<div class=\"elementor-element elementor-element-5ca6a84 elementor-widget elementor-widget-text-editor\" data-id=\"5ca6a84\" data-element_type=\"widget\" data-widget_type=\"text-editor.default\">\n\t\t\t\t<div class=\"elementor-widget-container\">\n\t\t\t\t\t\t\t\t\t<p>Plus que tout, l'\u00e9quilibre se r\u00e9sume \u00e0 des contrastes. Il ne s'agit pas que les choses se ressemblent, mais qu'elles se sentent d'une mani\u00e8re ou d'une autre pareilles, m\u00eame lorsqu'elles sont diff\u00e9rentes. L'\u00e9quilibre, c'est la lumi\u00e8re contre l'obscurit\u00e9, le grand contre le petit, le un contre le multiple (et souvent un grand contre plusieurs petits), le rugueux contre le lisse, le bruyant contre le calme, le vibrant contre le neutre. Recherchez les compliments, les sommets et les creux, l'ach\u00e8vement d'un tout.<\/p>\t\t\t\t\t\t\t\t<\/div>\n\t\t\t\t<\/div>\n\t\t\t\t<div class=\"elementor-element elementor-element-450d81b elementor-widget elementor-widget-heading\" data-id=\"450d81b\" data-element_type=\"widget\" data-widget_type=\"heading.default\">\n\t\t\t\t<div class=\"elementor-widget-container\">\n\t\t\t\t\t<h2 class=\"elementor-heading-title elementor-size-default\">Rechercher des lignes<\/h2>\t\t\t\t<\/div>\n\t\t\t\t<\/div>\n\t\t\t\t<div class=\"elementor-element elementor-element-28f940c elementor-widget elementor-widget-text-editor\" data-id=\"28f940c\" data-element_type=\"widget\" data-widget_type=\"text-editor.default\">\n\t\t\t\t<div class=\"elementor-widget-container\">\n\t\t\t\t\t\t\t\t\t<p>Les lignes peuvent vous aider \u00e0 \u00e9quilibrer votre sc\u00e8ne en partie en agissant comme des s\u00e9parateurs entre le sombre et la lumi\u00e8re, ou le rugueux et le lisse, par exemple. Mais elles peuvent aussi fonctionner en guidant le regard \u00e0 travers une sc\u00e8ne et d'un \u00e9l\u00e9ment \u00e0 un autre qui lui est \u00e9quilibr\u00e9. N'oubliez pas les lignes de la r\u00e8gle des tiers et les lignes directrices lorsqu'il s'agit d'\u00e9quilibrer des photos.<\/p>\t\t\t\t\t\t\t\t<\/div>\n\t\t\t\t<\/div>\n\t\t\t\t<div class=\"elementor-element elementor-element-6a9b2c2 elementor-widget elementor-widget-image\" data-id=\"6a9b2c2\" data-element_type=\"widget\" data-widget_type=\"image.default\">\n\t\t\t\t<div class=\"elementor-widget-container\">\n\t\t\t\t\t\t\t\t\t\t\t\t\t\t\t<img decoding=\"async\" width=\"695\" height=\"461\" data-src=\"https:\/\/gvmled.com\/wp-content\/uploads\/2022\/09\/\u56fe\u72479-2-4.jpg\" class=\"attachment-large size-large wp-image-44259 lazyload\" alt=\"\" data-srcset=\"https:\/\/gvmled.com\/wp-content\/uploads\/2022\/09\/\u56fe\u72479-2-4.jpg 695w, https:\/\/gvmled.com\/wp-content\/uploads\/2022\/09\/\u56fe\u72479-2-4-300x199.jpg 300w\" data-sizes=\"(max-width: 695px) 100vw, 695px\" title=\"\" src=\"data:image\/gif;base64,R0lGODlhAQABAAAAACH5BAEKAAEALAAAAAABAAEAAAICTAEAOw==\" style=\"--smush-placeholder-width: 695px; --smush-placeholder-aspect-ratio: 695\/461;\">\t\t\t\t\t\t\t\t\t\t\t\t\t\t\t<\/div>\n\t\t\t\t<\/div>\n\t\t\t\t<div class=\"elementor-element elementor-element-99add61 elementor-widget elementor-widget-heading\" data-id=\"99add61\" data-element_type=\"widget\" data-widget_type=\"heading.default\">\n\t\t\t\t<div class=\"elementor-widget-container\">\n\t\t\t\t\t<h2 class=\"elementor-heading-title elementor-size-default\"> Sentez la texture<\/h2>\t\t\t\t<\/div>\n\t\t\t\t<\/div>\n\t\t\t\t<div class=\"elementor-element elementor-element-1b64dd6 elementor-widget elementor-widget-text-editor\" data-id=\"1b64dd6\" data-element_type=\"widget\" data-widget_type=\"text-editor.default\">\n\t\t\t\t<div class=\"elementor-widget-container\">\n\t\t\t\t\t\t\t\t\t<p>La texture peut cr\u00e9er un aspect doux et rugueux, ainsi qu'une sensation diff\u00e9rente, et ainsi fournir un sens unique de l'\u00e9quilibre. L'utilisation de la texture et des motifs dans vos photos attire naturellement l'attention et aide \u00e0 contrebalancer d'autres parties de la composition. Pour utiliser correctement cette technique, rappelez-vous que moins il y a d'\u00e9l\u00e9ments, plus ils sont faciles \u00e0 \u00e9quilibrer. Lors du cadrage, pensez \u00e0 tous les \u00e9l\u00e9ments inutiles, la r\u00e9duction de ce qui se trouve dans le cadre \u00e0 ses parties essentielles peut en faire votre photo pr\u00e9f\u00e9r\u00e9e.<\/p>\t\t\t\t\t\t\t\t<\/div>\n\t\t\t\t<\/div>\n\t\t\t\t<div class=\"elementor-element elementor-element-32abd06 elementor-widget elementor-widget-heading\" data-id=\"32abd06\" data-element_type=\"widget\" data-widget_type=\"heading.default\">\n\t\t\t\t<div class=\"elementor-widget-container\">\n\t\t\t\t\t<h2 class=\"elementor-heading-title elementor-size-default\">Jouer avec concentration<\/h2>\t\t\t\t<\/div>\n\t\t\t\t<\/div>\n\t\t\t\t<div class=\"elementor-element elementor-element-08e0f05 elementor-widget elementor-widget-text-editor\" data-id=\"08e0f05\" data-element_type=\"widget\" data-widget_type=\"text-editor.default\">\n\t\t\t\t<div class=\"elementor-widget-container\">\n\t\t\t\t\t\t\t\t\t<p>En plus d'utiliser la place du sujet et les r\u00e8gles de composition, la couleur, le ton et la texture pour cr\u00e9er l'\u00e9quilibre, vous pouvez \u00e9galement utiliser la nettet\u00e9 et le flou \u00e0 cette fin. Travaillez \u00e0 utiliser votre profondeur de champ pour \u00e9quilibrer votre point focal par rapport \u00e0 votre arri\u00e8re-plan. Cela aide \u00e9galement \u00e0 cr\u00e9er un poids visuel dans vos photos et \u00e0 \u00e9quilibrer les autres \u00e9l\u00e9ments autour de votre sujet pour raconter une histoire plus profonde.<\/p>\t\t\t\t\t\t\t\t<\/div>\n\t\t\t\t<\/div>\n\t\t\t\t<div class=\"elementor-element elementor-element-e51f98a elementor-widget elementor-widget-image\" data-id=\"e51f98a\" data-element_type=\"widget\" data-widget_type=\"image.default\">\n\t\t\t\t<div class=\"elementor-widget-container\">\n\t\t\t\t\t\t\t\t\t\t\t\t\t\t\t<img decoding=\"async\" width=\"695\" height=\"461\" data-src=\"https:\/\/gvmled.com\/wp-content\/uploads\/2022\/09\/\u56fe\u724710-1-2.jpg\" class=\"attachment-large size-large wp-image-44260 lazyload\" alt=\"\" data-srcset=\"https:\/\/gvmled.com\/wp-content\/uploads\/2022\/09\/\u56fe\u724710-1-2.jpg 695w, https:\/\/gvmled.com\/wp-content\/uploads\/2022\/09\/\u56fe\u724710-1-2-300x199.jpg 300w\" data-sizes=\"(max-width: 695px) 100vw, 695px\" title=\"\" src=\"data:image\/gif;base64,R0lGODlhAQABAAAAACH5BAEKAAEALAAAAAABAAEAAAICTAEAOw==\" style=\"--smush-placeholder-width: 695px; --smush-placeholder-aspect-ratio: 695\/461;\">\t\t\t\t\t\t\t\t\t\t\t\t\t\t\t<\/div>\n\t\t\t\t<\/div>\n\t\t\t\t<div class=\"elementor-element elementor-element-81f1080 elementor-widget elementor-widget-heading\" data-id=\"81f1080\" data-element_type=\"widget\" data-widget_type=\"heading.default\">\n\t\t\t\t<div class=\"elementor-widget-container\">\n\t\t\t\t\t<h2 class=\"elementor-heading-title elementor-size-default\">Cr\u00e9er une tension \u00e0 partir d'un d\u00e9s\u00e9quilibre<\/h2>\t\t\t\t<\/div>\n\t\t\t\t<\/div>\n\t\t\t\t<div class=\"elementor-element elementor-element-d017790 elementor-widget elementor-widget-text-editor\" data-id=\"d017790\" data-element_type=\"widget\" data-widget_type=\"text-editor.default\">\n\t\t\t\t<div class=\"elementor-widget-container\">\n\t\t\t\t\t\t\t\t\t<p>\u00c0 bien des \u00e9gards, une sc\u00e8ne d\u00e9s\u00e9quilibr\u00e9e qui retient votre attention est en r\u00e9alit\u00e9 \u00e9quilibr\u00e9e. Pensez \u00e0 ce petit point rouge dans une mer de vert dans la section des couleurs, ou \u00e0 un sujet plac\u00e9 tout \u00e0 gauche du cadre avec une \u00e9tendue d'espace n\u00e9gatif \u00e0 droite. La tension entre les couleurs compl\u00e9mentaires ou le quelque chose et le rien est pr\u00e9cis\u00e9ment ce qui donne \u00e0 l'image du poids visuel, de l'int\u00e9r\u00eat et de l'\u00e9quilibre.<\/p>\t\t\t\t\t\t\t\t<\/div>\n\t\t\t\t<\/div>\n\t\t\t\t<div class=\"elementor-element elementor-element-233f365 elementor-widget elementor-widget-heading\" data-id=\"233f365\" data-element_type=\"widget\" data-widget_type=\"heading.default\">\n\t\t\t\t<div class=\"elementor-widget-container\">\n\t\t\t\t\t<h2 class=\"elementor-heading-title elementor-size-default\">Recadrer !<\/h2>\t\t\t\t<\/div>\n\t\t\t\t<\/div>\n\t\t\t\t<div class=\"elementor-element elementor-element-817bf73 elementor-widget elementor-widget-text-editor\" data-id=\"817bf73\" data-element_type=\"widget\" data-widget_type=\"text-editor.default\">\n\t\t\t\t<div class=\"elementor-widget-container\">\n\t\t\t\t\t\t\t\t\t<p>N'ayez jamais peur de recadrer votre sc\u00e8ne en post-traitement afin d'obtenir le poids pr\u00e9cis entre ses \u00e9l\u00e9ments que vous d\u00e9sirez. Oui, faites de votre mieux pour toujours obtenir les choses correctement dans l'appareil photo, mais il n'y a aucune honte \u00e0 recadrer apr\u00e8s coup, non plus. Parfois, les circonstances font que, malgr\u00e9 tous vos efforts, vous ne pouvez pas le rendre parfait sur le moment. Et soyons honn\u00eates, pourquoi regretter a posteriori quand quelques pixels coup\u00e9s ici et l\u00e0 peuvent cr\u00e9er exactement ce que vous voulez.<\/p>\t\t\t\t\t\t\t\t<\/div>\n\t\t\t\t<\/div>\n\t\t\t\t<div class=\"elementor-element elementor-element-c7ac391 elementor-widget-divider--view-line elementor-widget elementor-widget-divider\" data-id=\"c7ac391\" data-element_type=\"widget\" data-widget_type=\"divider.default\">\n\t\t\t\t<div class=\"elementor-widget-container\">\n\t\t\t\t\t\t\t<div class=\"elementor-divider\">\n\t\t\t<span class=\"elementor-divider-separator\">\n\t\t\t\t\t\t<\/span>\n\t\t<\/div>\n\t\t\t\t\t\t<\/div>\n\t\t\t\t<\/div>\n\t\t\t\t<div class=\"elementor-element elementor-element-73705f0 elementor-widget elementor-widget-text-editor\" data-id=\"73705f0\" data-element_type=\"widget\" data-widget_type=\"text-editor.default\">\n\t\t\t\t<div class=\"elementor-widget-container\">\n\t\t\t\t\t\t\t\t\t<p>Il existe des exemples d'\u00e9quilibre en photographie partout ; il suffit de garder les yeux ouverts pour les remarquer. Lorsque vous aurez une id\u00e9e de ce qu'est l'\u00e9quilibre en photographie, vous trouverez que la recherche du poids visuel dans vos images deviendra naturelle et que vous y serez toujours attentif car cela apporte tellement \u00e0 vos photos.<\/p>\t\t\t\t\t\t\t\t<\/div>\n\t\t\t\t<\/div>\n\t\t\t\t\t<\/div>\n\t\t<\/div>\n\t\t\t\t\t<\/div>\n\t\t<\/section>\n\t\t\t\t<\/div>","protected":false},"excerpt":{"rendered":"<p>The Balance Method: Using Balance in Photography to Create Beautiful Images Composition, or the art of placing things in your frame to tell your story, encompasses plenty of rules, from the rule of thirds to leading lines. But have you ever considered the importance of balance in photography?\u00a0 When we talk about balance in photography, &#8230; <a title=\"La m\u00e9thode de l&#039;\u00e9quilibre : utiliser l&#039;\u00e9quilibre en photographie pour cr\u00e9er de belles images\" class=\"read-more\" href=\"https:\/\/gvmled.com\/fr\/the-balance-method-using-balance-in-photography-to-create-beautiful-images\/\" aria-label=\"En savoir plus sur The Balance Method: Using Balance in Photography to Create Beautiful Images\">Lire la suite<\/a><\/p>","protected":false},"author":14,"featured_media":0,"comment_status":"open","ping_status":"open","sticky":false,"template":"elementor_header_footer","format":"standard","meta":{"footnotes":""},"categories":[1],"tags":[],"class_list":["post-44241","post","type-post","status-publish","format-standard","hentry","category-uncategorized"],"_links":{"self":[{"href":"https:\/\/gvmled.com\/fr\/wp-json\/wp\/v2\/posts\/44241","targetHints":{"allow":["GET"]}}],"collection":[{"href":"https:\/\/gvmled.com\/fr\/wp-json\/wp\/v2\/posts"}],"about":[{"href":"https:\/\/gvmled.com\/fr\/wp-json\/wp\/v2\/types\/post"}],"author":[{"embeddable":true,"href":"https:\/\/gvmled.com\/fr\/wp-json\/wp\/v2\/users\/14"}],"replies":[{"embeddable":true,"href":"https:\/\/gvmled.com\/fr\/wp-json\/wp\/v2\/comments?post=44241"}],"version-history":[{"count":5,"href":"https:\/\/gvmled.com\/fr\/wp-json\/wp\/v2\/posts\/44241\/revisions"}],"predecessor-version":[{"id":44267,"href":"https:\/\/gvmled.com\/fr\/wp-json\/wp\/v2\/posts\/44241\/revisions\/44267"}],"wp:attachment":[{"href":"https:\/\/gvmled.com\/fr\/wp-json\/wp\/v2\/media?parent=44241"}],"wp:term":[{"taxonomy":"category","embeddable":true,"href":"https:\/\/gvmled.com\/fr\/wp-json\/wp\/v2\/categories?post=44241"},{"taxonomy":"post_tag","embeddable":true,"href":"https:\/\/gvmled.com\/fr\/wp-json\/wp\/v2\/tags?post=44241"}],"curies":[{"name":"wp","href":"https:\/\/api.w.org\/{rel}","templated":true}]}}